{"id":3911,"date":"2024-06-09T23:14:49","date_gmt":"2024-06-09T21:14:49","guid":{"rendered":"https:\/\/shoms.ch\/?p=3911"},"modified":"2024-10-07T23:45:14","modified_gmt":"2024-10-07T21:45:14","slug":"50-ans-jahre-anni","status":"publish","type":"post","link":"https:\/\/shoms.ch\/de\/2024\/06\/09\/50-ans-jahre-anni\/","title":{"rendered":"50 Jahre SHOMS"},"content":{"rendered":"<!--themify_builder_content-->\n<div id=\"themify_builder_content-3911\" data-postid=\"3911\" class=\"themify_builder_content themify_builder_content-3911 themify_builder tf_clear\">\n                    <div  data-lazy=\"1\" class=\"module_row themify_builder_row tb_u6t187 tb_first tf_w\">\n                        <div class=\"row_inner col_align_top tb_col_count_1 tf_box tf_rel\">\n                        <div  data-lazy=\"1\" class=\"module_column tb-column col-full tb_rodz87 first\">\n                    <!-- module text -->\n<div  class=\"module module-text tb_3ny6917   \" data-lazy=\"1\">\n        <div  class=\"tb_text_wrap\">\n        <p>Das 50-j\u00e4hrige Bestehen des Hospitaldienstes des Schweizerischen Malteserordens (MHDS) haben wir alle zusammen am Wochenende des 21. und 22. September 2024 in Einsiedeln geb\u00fchrend gefeiert.<\/p>\n<p>Mit mehr 160 Personen konnten wir in Einsiedeln alle zusammen nach spannenden F\u00fchrungen hinter den Klostermauern sp\u00e4ter dann die Geschichte von der Gr\u00fcndung der einzelnen Sektionen und den verschiedenen Kommandanten bis zu hin zum aktuellen H\u00f6hepunkt im 2024 &#8211; das internationale Jugendsommerlager in Fiesch &#8211; Revu passieren lassen. Grossen Anklang fand auch die Pr\u00e4sentation von Malteser International, welche unter anderem von ihren aktuellen humanit\u00e4ren Eins\u00e4tzen im nahen Osten berichtete.<\/p>\n<p>Nach der feierlichen Sonntagsmesse und einer Andacht vor der Schwarzen Madonna stiessen wir zusammen im Abteihof nochmals auf die 50 Jahre MHDS an.<\/p>\n<p><img loading=\"lazy\" decoding=\"async\" class=\"aligncenter size-large wp-image-4053\" src=\"https:\/\/shoms.ch\/wp-content\/uploads\/sites\/11\/2024\/06\/Einsiedeln-768x1024.jpg\" alt=\"\" width=\"768\" height=\"1024\" srcset=\"https:\/\/shoms.ch\/wp-content\/uploads\/sites\/11\/2024\/06\/Einsiedeln-768x1024.jpg 768w, https:\/\/shoms.ch\/wp-content\/uploads\/sites\/11\/2024\/06\/Einsiedeln-225x300.jpg 225w, https:\/\/shoms.ch\/wp-content\/uploads\/sites\/11\/2024\/06\/Einsiedeln-1152x1536.jpg 1152w, https:\/\/shoms.ch\/wp-content\/uploads\/sites\/11\/2024\/06\/Einsiedeln-600x800.jpg 600w, https:\/\/shoms.ch\/wp-content\/uploads\/sites\/11\/2024\/06\/Einsiedeln.jpg 1200w\" sizes=\"auto, (max-width: 768px) 100vw, 768px\" \/><\/p>    <\/div>\n<\/div>\n<!-- \/module text -->        <\/div>\n                        <\/div>\n        <\/div>\n        <\/div>\n<!--\/themify_builder_content-->","protected":false},"excerpt":{"rendered":"<p>Das 50-j\u00e4hrige Bestehen des Hospitaldienstes des Schweizerischen Malteserordens (MHDS) haben wir alle zusammen am Wochenende des 21. und 22. September 2024 in Einsiedeln geb\u00fchrend gefeiert. Mit mehr 160 Personen konnten wir in Einsiedeln alle zusammen nach spannenden F\u00fchrungen hinter den Klostermauern sp\u00e4ter dann die Geschichte von der Gr\u00fcndung der einzelnen Sektionen und den verschiedenen Kommandanten [&hellip;]<\/p>\n","protected":false},"author":1,"featured_media":3905,"comment_status":"closed","ping_status":"open","sticky":false,"template":"","format":"standard","meta":{"inline_featured_image":false,"footnotes":""},"categories":[4],"tags":[],"class_list":["post-3911","post","type-post","status-publish","format-standard","has-post-thumbnail","hentry","category-neuigkeiten","has-post-title","has-post-date","has-post-category","has-post-tag","has-post-comment","has-post-author",""],"yoast_head":"<!-- This site is optimized with the Yoast SEO plugin v27.5 - https:\/\/yoast.com\/product\/yoast-seo-wordpress\/ -->\n<title>50 Jahre SHOMS - Shoms.ch<\/title>\n<meta name=\"robots\" content=\"index, follow, max-snippet:-1, max-image-preview:large, max-video-preview:-1\" \/>\n<link rel=\"canonical\" href=\"https:\/\/shoms.ch\/de\/2024\/06\/09\/50-ans-jahre-anni\/\" \/>\n<meta property=\"og:locale\" content=\"de_DE\" \/>\n<meta property=\"og:type\" content=\"article\" \/>\n<meta property=\"og:title\" content=\"50 Jahre SHOMS - Shoms.ch\" \/>\n<meta property=\"og:description\" content=\"Das 50-j\u00e4hrige Bestehen des Hospitaldienstes des Schweizerischen Malteserordens (MHDS) haben wir alle zusammen am Wochenende des 21. und 22. September 2024 in Einsiedeln geb\u00fchrend gefeiert. Mit mehr 160 Personen konnten wir in Einsiedeln alle zusammen nach spannenden F\u00fchrungen hinter den Klostermauern sp\u00e4ter dann die Geschichte von der Gr\u00fcndung der einzelnen Sektionen und den verschiedenen Kommandanten [&hellip;]\" \/>\n<meta property=\"og:url\" content=\"https:\/\/shoms.ch\/de\/2024\/06\/09\/50-ans-jahre-anni\/\" \/>\n<meta property=\"og:site_name\" content=\"Shoms.ch\" \/>\n<meta property=\"article:published_time\" content=\"2024-06-09T21:14:49+00:00\" \/>\n<meta property=\"article:modified_time\" content=\"2024-10-07T21:45:14+00:00\" \/>\n<meta property=\"og:image\" content=\"https:\/\/shoms.ch\/wp-content\/uploads\/sites\/11\/2024\/06\/1000070915.jpg\" \/>\n\t<meta property=\"og:image:width\" content=\"1600\" \/>\n\t<meta property=\"og:image:height\" content=\"1214\" \/>\n\t<meta property=\"og:image:type\" content=\"image\/jpeg\" \/>\n<meta name=\"author\" content=\"Le Guen\" \/>\n<meta name=\"twitter:card\" content=\"summary_large_image\" \/>\n<meta name=\"twitter:label1\" content=\"Verfasst von\" \/>\n\t<meta name=\"twitter:data1\" content=\"Le Guen\" \/>\n\t<meta name=\"twitter:label2\" content=\"Gesch\u00e4tzte Lesezeit\" \/>\n\t<meta name=\"twitter:data2\" content=\"2\u00a0Minuten\" \/>\n<script type=\"application\/ld+json\" class=\"yoast-schema-graph\">{\"@context\":\"https:\\\/\\\/schema.org\",\"@graph\":[{\"@type\":\"Article\",\"@id\":\"https:\\\/\\\/shoms.ch\\\/de\\\/2024\\\/06\\\/09\\\/50-ans-jahre-anni\\\/#article\",\"isPartOf\":{\"@id\":\"https:\\\/\\\/shoms.ch\\\/de\\\/2024\\\/06\\\/09\\\/50-ans-jahre-anni\\\/\"},\"author\":{\"name\":\"Le Guen\",\"@id\":\"https:\\\/\\\/shoms.ch\\\/it\\\/#\\\/schema\\\/person\\\/7fbf48b4a6cd4cc3a237cbb87531d801\"},\"headline\":\"50 Jahre SHOMS\",\"datePublished\":\"2024-06-09T21:14:49+00:00\",\"dateModified\":\"2024-10-07T21:45:14+00:00\",\"mainEntityOfPage\":{\"@id\":\"https:\\\/\\\/shoms.ch\\\/de\\\/2024\\\/06\\\/09\\\/50-ans-jahre-anni\\\/\"},\"wordCount\":122,\"image\":{\"@id\":\"https:\\\/\\\/shoms.ch\\\/de\\\/2024\\\/06\\\/09\\\/50-ans-jahre-anni\\\/#primaryimage\"},\"thumbnailUrl\":\"https:\\\/\\\/shoms.ch\\\/wp-content\\\/uploads\\\/sites\\\/11\\\/2024\\\/06\\\/1000070915.jpg\",\"articleSection\":[\"Neuigkeiten\"],\"inLanguage\":\"de\"},{\"@type\":\"WebPage\",\"@id\":\"https:\\\/\\\/shoms.ch\\\/de\\\/2024\\\/06\\\/09\\\/50-ans-jahre-anni\\\/\",\"url\":\"https:\\\/\\\/shoms.ch\\\/de\\\/2024\\\/06\\\/09\\\/50-ans-jahre-anni\\\/\",\"name\":\"50 Jahre SHOMS - Shoms.ch\",\"isPartOf\":{\"@id\":\"https:\\\/\\\/shoms.ch\\\/it\\\/#website\"},\"primaryImageOfPage\":{\"@id\":\"https:\\\/\\\/shoms.ch\\\/de\\\/2024\\\/06\\\/09\\\/50-ans-jahre-anni\\\/#primaryimage\"},\"image\":{\"@id\":\"https:\\\/\\\/shoms.ch\\\/de\\\/2024\\\/06\\\/09\\\/50-ans-jahre-anni\\\/#primaryimage\"},\"thumbnailUrl\":\"https:\\\/\\\/shoms.ch\\\/wp-content\\\/uploads\\\/sites\\\/11\\\/2024\\\/06\\\/1000070915.jpg\",\"datePublished\":\"2024-06-09T21:14:49+00:00\",\"dateModified\":\"2024-10-07T21:45:14+00:00\",\"author\":{\"@id\":\"https:\\\/\\\/shoms.ch\\\/it\\\/#\\\/schema\\\/person\\\/7fbf48b4a6cd4cc3a237cbb87531d801\"},\"breadcrumb\":{\"@id\":\"https:\\\/\\\/shoms.ch\\\/de\\\/2024\\\/06\\\/09\\\/50-ans-jahre-anni\\\/#breadcrumb\"},\"inLanguage\":\"de\",\"potentialAction\":[{\"@type\":\"ReadAction\",\"target\":[\"https:\\\/\\\/shoms.ch\\\/de\\\/2024\\\/06\\\/09\\\/50-ans-jahre-anni\\\/\"]}]},{\"@type\":\"ImageObject\",\"inLanguage\":\"de\",\"@id\":\"https:\\\/\\\/shoms.ch\\\/de\\\/2024\\\/06\\\/09\\\/50-ans-jahre-anni\\\/#primaryimage\",\"url\":\"https:\\\/\\\/shoms.ch\\\/wp-content\\\/uploads\\\/sites\\\/11\\\/2024\\\/06\\\/1000070915.jpg\",\"contentUrl\":\"https:\\\/\\\/shoms.ch\\\/wp-content\\\/uploads\\\/sites\\\/11\\\/2024\\\/06\\\/1000070915.jpg\",\"width\":1600,\"height\":1214},{\"@type\":\"BreadcrumbList\",\"@id\":\"https:\\\/\\\/shoms.ch\\\/de\\\/2024\\\/06\\\/09\\\/50-ans-jahre-anni\\\/#breadcrumb\",\"itemListElement\":[{\"@type\":\"ListItem\",\"position\":1,\"name\":\"Startseite\",\"item\":\"https:\\\/\\\/shoms.ch\\\/de\\\/\"},{\"@type\":\"ListItem\",\"position\":2,\"name\":\"50 Jahre SHOMS\"}]},{\"@type\":\"WebSite\",\"@id\":\"https:\\\/\\\/shoms.ch\\\/it\\\/#website\",\"url\":\"https:\\\/\\\/shoms.ch\\\/it\\\/\",\"name\":\"Shoms.ch\",\"description\":\"MALTESER HOSPITALDIENST SCHWEIZ (MHDS)\",\"potentialAction\":[{\"@type\":\"SearchAction\",\"target\":{\"@type\":\"EntryPoint\",\"urlTemplate\":\"https:\\\/\\\/shoms.ch\\\/it\\\/?s={search_term_string}\"},\"query-input\":{\"@type\":\"PropertyValueSpecification\",\"valueRequired\":true,\"valueName\":\"search_term_string\"}}],\"inLanguage\":\"de\"},{\"@type\":\"Person\",\"@id\":\"https:\\\/\\\/shoms.ch\\\/it\\\/#\\\/schema\\\/person\\\/7fbf48b4a6cd4cc3a237cbb87531d801\",\"name\":\"Le Guen\",\"sameAs\":[\"https:\\\/\\\/sites.ordredemaltesuisse.org\"],\"url\":\"https:\\\/\\\/shoms.ch\\\/de\\\/author\\\/dm1n\\\/\"}]}<\/script>\n<!-- \/ Yoast SEO plugin. -->","yoast_head_json":{"title":"50 Jahre SHOMS - Shoms.ch","robots":{"index":"index","follow":"follow","max-snippet":"max-snippet:-1","max-image-preview":"max-image-preview:large","max-video-preview":"max-video-preview:-1"},"canonical":"https:\/\/shoms.ch\/de\/2024\/06\/09\/50-ans-jahre-anni\/","og_locale":"de_DE","og_type":"article","og_title":"50 Jahre SHOMS - Shoms.ch","og_description":"Das 50-j\u00e4hrige Bestehen des Hospitaldienstes des Schweizerischen Malteserordens (MHDS) haben wir alle zusammen am Wochenende des 21. und 22. September 2024 in Einsiedeln geb\u00fchrend gefeiert. Mit mehr 160 Personen konnten wir in Einsiedeln alle zusammen nach spannenden F\u00fchrungen hinter den Klostermauern sp\u00e4ter dann die Geschichte von der Gr\u00fcndung der einzelnen Sektionen und den verschiedenen Kommandanten [&hellip;]","og_url":"https:\/\/shoms.ch\/de\/2024\/06\/09\/50-ans-jahre-anni\/","og_site_name":"Shoms.ch","article_published_time":"2024-06-09T21:14:49+00:00","article_modified_time":"2024-10-07T21:45:14+00:00","og_image":[{"width":1600,"height":1214,"url":"https:\/\/shoms.ch\/wp-content\/uploads\/sites\/11\/2024\/06\/1000070915.jpg","type":"image\/jpeg"}],"author":"Le Guen","twitter_card":"summary_large_image","twitter_misc":{"Verfasst von":"Le Guen","Gesch\u00e4tzte Lesezeit":"2\u00a0Minuten"},"schema":{"@context":"https:\/\/schema.org","@graph":[{"@type":"Article","@id":"https:\/\/shoms.ch\/de\/2024\/06\/09\/50-ans-jahre-anni\/#article","isPartOf":{"@id":"https:\/\/shoms.ch\/de\/2024\/06\/09\/50-ans-jahre-anni\/"},"author":{"name":"Le Guen","@id":"https:\/\/shoms.ch\/it\/#\/schema\/person\/7fbf48b4a6cd4cc3a237cbb87531d801"},"headline":"50 Jahre SHOMS","datePublished":"2024-06-09T21:14:49+00:00","dateModified":"2024-10-07T21:45:14+00:00","mainEntityOfPage":{"@id":"https:\/\/shoms.ch\/de\/2024\/06\/09\/50-ans-jahre-anni\/"},"wordCount":122,"image":{"@id":"https:\/\/shoms.ch\/de\/2024\/06\/09\/50-ans-jahre-anni\/#primaryimage"},"thumbnailUrl":"https:\/\/shoms.ch\/wp-content\/uploads\/sites\/11\/2024\/06\/1000070915.jpg","articleSection":["Neuigkeiten"],"inLanguage":"de"},{"@type":"WebPage","@id":"https:\/\/shoms.ch\/de\/2024\/06\/09\/50-ans-jahre-anni\/","url":"https:\/\/shoms.ch\/de\/2024\/06\/09\/50-ans-jahre-anni\/","name":"50 Jahre SHOMS - Shoms.ch","isPartOf":{"@id":"https:\/\/shoms.ch\/it\/#website"},"primaryImageOfPage":{"@id":"https:\/\/shoms.ch\/de\/2024\/06\/09\/50-ans-jahre-anni\/#primaryimage"},"image":{"@id":"https:\/\/shoms.ch\/de\/2024\/06\/09\/50-ans-jahre-anni\/#primaryimage"},"thumbnailUrl":"https:\/\/shoms.ch\/wp-content\/uploads\/sites\/11\/2024\/06\/1000070915.jpg","datePublished":"2024-06-09T21:14:49+00:00","dateModified":"2024-10-07T21:45:14+00:00","author":{"@id":"https:\/\/shoms.ch\/it\/#\/schema\/person\/7fbf48b4a6cd4cc3a237cbb87531d801"},"breadcrumb":{"@id":"https:\/\/shoms.ch\/de\/2024\/06\/09\/50-ans-jahre-anni\/#breadcrumb"},"inLanguage":"de","potentialAction":[{"@type":"ReadAction","target":["https:\/\/shoms.ch\/de\/2024\/06\/09\/50-ans-jahre-anni\/"]}]},{"@type":"ImageObject","inLanguage":"de","@id":"https:\/\/shoms.ch\/de\/2024\/06\/09\/50-ans-jahre-anni\/#primaryimage","url":"https:\/\/shoms.ch\/wp-content\/uploads\/sites\/11\/2024\/06\/1000070915.jpg","contentUrl":"https:\/\/shoms.ch\/wp-content\/uploads\/sites\/11\/2024\/06\/1000070915.jpg","width":1600,"height":1214},{"@type":"BreadcrumbList","@id":"https:\/\/shoms.ch\/de\/2024\/06\/09\/50-ans-jahre-anni\/#breadcrumb","itemListElement":[{"@type":"ListItem","position":1,"name":"Startseite","item":"https:\/\/shoms.ch\/de\/"},{"@type":"ListItem","position":2,"name":"50 Jahre SHOMS"}]},{"@type":"WebSite","@id":"https:\/\/shoms.ch\/it\/#website","url":"https:\/\/shoms.ch\/it\/","name":"Shoms.ch","description":"MALTESER HOSPITALDIENST SCHWEIZ (MHDS)","potentialAction":[{"@type":"SearchAction","target":{"@type":"EntryPoint","urlTemplate":"https:\/\/shoms.ch\/it\/?s={search_term_string}"},"query-input":{"@type":"PropertyValueSpecification","valueRequired":true,"valueName":"search_term_string"}}],"inLanguage":"de"},{"@type":"Person","@id":"https:\/\/shoms.ch\/it\/#\/schema\/person\/7fbf48b4a6cd4cc3a237cbb87531d801","name":"Le Guen","sameAs":["https:\/\/sites.ordredemaltesuisse.org"],"url":"https:\/\/shoms.ch\/de\/author\/dm1n\/"}]}},"builder_content":"<p>Das 50-j\u00e4hrige Bestehen des Hospitaldienstes des Schweizerischen Malteserordens (MHDS) haben wir alle zusammen am Wochenende des 21. und 22. September 2024 in Einsiedeln geb\u00fchrend gefeiert.<\/p> <p>Mit mehr 160 Personen konnten wir in Einsiedeln alle zusammen nach spannenden F\u00fchrungen hinter den Klostermauern sp\u00e4ter dann die Geschichte von der Gr\u00fcndung der einzelnen Sektionen und den verschiedenen Kommandanten bis zu hin zum aktuellen H\u00f6hepunkt im 2024 - das internationale Jugendsommerlager in Fiesch - Revu passieren lassen. Grossen Anklang fand auch die Pr\u00e4sentation von Malteser International, welche unter anderem von ihren aktuellen humanit\u00e4ren Eins\u00e4tzen im nahen Osten berichtete.<\/p> <p>Nach der feierlichen Sonntagsmesse und einer Andacht vor der Schwarzen Madonna stiessen wir zusammen im Abteihof nochmals auf die 50 Jahre MHDS an.<\/p> <p><img loading=\"lazy\" decoding=\"async\" src=\"https:\/\/shoms.ch\/wp-content\/uploads\/sites\/11\/2024\/06\/Einsiedeln-768x1024.jpg\" alt=\"\" width=\"768\" height=\"1024\" srcset=\"https:\/\/shoms.ch\/wp-content\/uploads\/sites\/11\/2024\/06\/Einsiedeln-768x1024.jpg 768w, https:\/\/shoms.ch\/wp-content\/uploads\/sites\/11\/2024\/06\/Einsiedeln-225x300.jpg 225w, https:\/\/shoms.ch\/wp-content\/uploads\/sites\/11\/2024\/06\/Einsiedeln-1152x1536.jpg 1152w, https:\/\/shoms.ch\/wp-content\/uploads\/sites\/11\/2024\/06\/Einsiedeln-600x800.jpg 600w, https:\/\/shoms.ch\/wp-content\/uploads\/sites\/11\/2024\/06\/Einsiedeln.jpg 1200w\" sizes=\"auto, (max-width: 768px) 100vw, 768px\" \/><\/p>","_links":{"self":[{"href":"https:\/\/shoms.ch\/de\/wp-json\/wp\/v2\/posts\/3911","targetHints":{"allow":["GET"]}}],"collection":[{"href":"https:\/\/shoms.ch\/de\/wp-json\/wp\/v2\/posts"}],"about":[{"href":"https:\/\/shoms.ch\/de\/wp-json\/wp\/v2\/types\/post"}],"author":[{"embeddable":true,"href":"https:\/\/shoms.ch\/de\/wp-json\/wp\/v2\/users\/1"}],"replies":[{"embeddable":true,"href":"https:\/\/shoms.ch\/de\/wp-json\/wp\/v2\/comments?post=3911"}],"version-history":[{"count":21,"href":"https:\/\/shoms.ch\/de\/wp-json\/wp\/v2\/posts\/3911\/revisions"}],"predecessor-version":[{"id":4071,"href":"https:\/\/shoms.ch\/de\/wp-json\/wp\/v2\/posts\/3911\/revisions\/4071"}],"wp:featuredmedia":[{"embeddable":true,"href":"https:\/\/shoms.ch\/de\/wp-json\/wp\/v2\/media\/3905"}],"wp:attachment":[{"href":"https:\/\/shoms.ch\/de\/wp-json\/wp\/v2\/media?parent=3911"}],"wp:term":[{"taxonomy":"category","embeddable":true,"href":"https:\/\/shoms.ch\/de\/wp-json\/wp\/v2\/categories?post=3911"},{"taxonomy":"post_tag","embeddable":true,"href":"https:\/\/shoms.ch\/de\/wp-json\/wp\/v2\/tags?post=3911"}],"curies":[{"name":"wp","href":"https:\/\/api.w.org\/{rel}","templated":true}]}}