{"id":4862,"date":"2026-01-28T11:56:17","date_gmt":"2026-01-28T10:56:17","guid":{"rendered":"https:\/\/shoms.ch\/?p=4862"},"modified":"2026-03-08T22:02:44","modified_gmt":"2026-03-08T21:02:44","slug":"gv-2026","status":"publish","type":"post","link":"https:\/\/shoms.ch\/de\/2026\/01\/28\/gv-2026\/","title":{"rendered":"Generalversammlung 2026"},"content":{"rendered":"<!--themify_builder_content-->\n<div id=\"themify_builder_content-4862\" data-postid=\"4862\" class=\"themify_builder_content themify_builder_content-4862 themify_builder tf_clear\">\n                    <div  data-lazy=\"1\" class=\"module_row themify_builder_row tb_jy8p69 tb_first tf_w\">\n                        <div class=\"row_inner col_align_top tb_col_count_1 tf_box tf_rel\">\n                        <div  data-lazy=\"1\" class=\"module_column tb-column col-full tb_d2sf70 first\">\n                    <!-- module text -->\n<div  class=\"module module-text tb_zl10797   \" data-lazy=\"1\">\n        <div  class=\"tb_text_wrap\">\n        <p><strong><em>Willkomen in LUGANO !<\/em><\/strong><\/p>\n<p>Die Sektion Tessin freut sich, Sie anl\u00e4sslich der diesj\u00e4hrigen Generalversammlung des MDHS, <strong>am 14. M\u00e4rz 2026<\/strong>, im Hotel de la Paix, via Giuseppe Cattori 18 in Lugano, willkommen zu heissen.<br><br>Sie l\u00e4dt zu folgendem Programm ein:<\/p>\n<table width=\"605\">\n<tbody>\n<tr>\n<td width=\"95\">\n<p><strong>09.30 Uhr <\/strong><\/p>\n<\/td>\n<td width=\"510\">\n<p><strong><br><br>Besichtigung der Stadt Lugano <\/strong><br>Treffpunkt: vor der Kirche Santa Maria degli Angioli, Piazza Bernardino Luini 6 (mit Anmeldung)<\/p>\n<\/td>\n<\/tr>\n<tr>\n<td width=\"95\">\n<p><strong>11.30 Uhr <br><br><\/strong><\/p>\n<\/td>\n<td width=\"510\">\n<p><strong>Aperitif im Hotel de la Paix<\/strong>, <br>von der Sektion Tessin offeriert<\/p>\n<\/td>\n<\/tr>\n<tr>\n<td width=\"95\">\n<p><strong>12.00 Uhr<\/strong><\/p>\n<\/td>\n<td width=\"510\">\n<p><strong><br><\/strong><strong>Mittagessen <\/strong>im, Hotel de la Paix.<\/p>\n<p>Pauschale von CHF 75.- (3 Gang Menu, Getr\u00e4nke inklusiv)<u><br><\/u><\/p>\n<\/td>\n<\/tr>\n<tr>\n<td width=\"95\">\n<p><strong>14.00 Uhr<\/strong><\/p>\n<\/td>\n<td width=\"510\">\n<p><strong>Generalversammlung des MHDS <\/strong><\/p>\n<\/td>\n<\/tr>\n<tr>\n<td width=\"95\">\n<p><strong>16.00 Uhr <\/strong><\/p>\n<\/td>\n<td width=\"510\">\n<p><strong>Kaffee und Kuchen <\/strong><\/p>\n<\/td>\n<\/tr>\n<\/tbody>\n<\/table>\n<p>Die Boutique SHOMS wird im Hotels de la Paix vor und nach dem Mittag- essen erwarten.<\/p>\n<p>Wir freuen uns schon heute darauf, Sie in Lugano begr\u00fcssen zu d\u00fcrfen und danken f\u00fcr Ihre online-Anmeldung\u00a0 bis <strong>zum 1. M\u00e4rz 2026<\/strong>. Bei Fragen zu diesem Anlass, wenden Sie sich an <a href=\"mailto:secretariat@shoms.ch\">secretariat@shoms.ch<\/a> <br><br><\/p>\n<p>Barbara Wicki &#8211;\u00a0Sektionsleitung Tessin<\/p>    <\/div>\n<\/div>\n<!-- \/module text -->        <\/div>\n                        <\/div>\n        <\/div>\n                        <div  data-lazy=\"1\" class=\"module_row themify_builder_row tb_t2dh203 tf_w\">\n                        <div class=\"row_inner col_align_top tb_col_count_1 tf_box tf_rel\">\n                        <div  data-lazy=\"1\" class=\"module_column tb-column col-full tb_mt2h203 first\">\n                    <!-- module fancy heading -->\n<div  class=\"module module-fancy-heading tb_nq69327  hide-desktop hide-tablet hide-tablet_landscape hide-mobile\" data-lazy=\"1\">\n        <h1 class=\"fancy-heading\">\n    <span class=\"main-head tf_block\">\n                                <\/span>\n\n    \n    <span class=\"sub-head tf_block tf_rel\">\n                    Dokumente            <\/span>\n    <\/h1>\n<\/div>\n<!-- \/module fancy heading -->\n<!-- module text -->\n<div  class=\"module module-text tb_shlh29   \" data-lazy=\"1\">\n        <div  class=\"tb_text_wrap\">\n        <p>Klicken Sie auf die untenstehenden Links, um die Dokumente einzusehen :<\/p>\n<p><a href=\"https:\/\/www.dropbox.com\/scl\/fi\/b5gw4lac5k0cbmkeaumi7\/Einladung_-GV_-Lugano.pdf?rlkey=iu8lyklzrwrc60ddz25ofqzj7&amp;st=wz4s1abg&amp;dl=0\">Einladung und Traktanden GV<\/a><\/p>\n<p><a href=\"https:\/\/www.dropbox.com\/scl\/fi\/clki1vxbubj9392xxpzcz\/Vollmacht-GV_-2026.pdf?rlkey=1v9fa1ft90txgd2v5y29yl27b&amp;st=21a9k5cm&amp;dl=0\">Vollmacht<\/a><\/p>    <\/div>\n<\/div>\n<!-- \/module text -->        <\/div>\n                        <\/div>\n        <\/div>\n        <\/div>\n<!--\/themify_builder_content--><noscript class=\"ninja-forms-noscript-message\">\n\tHinweis: F\u00fcr diesen Inhalt ist JavaScript erforderlich.<\/noscript>","protected":false},"excerpt":{"rendered":"<p>Die Sektion Tessin freut sich, Sie anl\u00e4sslich der diesj\u00e4hrigen Generalversammlung des MDHS, am 14. M\u00e4rz 2026, im Hotel de la Paix, via Giuseppe Cattori 18 in Lugano, willkommen zu heissen.<\/p>\n","protected":false},"author":29,"featured_media":4856,"comment_status":"closed","ping_status":"open","sticky":false,"template":"","format":"standard","meta":{"inline_featured_image":false,"footnotes":""},"categories":[3,4],"tags":[],"class_list":["post-4862","post","type-post","status-publish","format-standard","has-post-thumbnail","hentry","category-aktuelles","category-neuigkeiten","has-post-title","has-post-date","has-post-category","has-post-tag","has-post-comment","has-post-author",""],"yoast_head":"<!-- This site is optimized with the Yoast SEO plugin v27.5 - https:\/\/yoast.com\/product\/yoast-seo-wordpress\/ -->\n<title>Generalversammlung 2026 - Shoms.ch<\/title>\n<meta name=\"robots\" content=\"index, follow, max-snippet:-1, max-image-preview:large, max-video-preview:-1\" \/>\n<link rel=\"canonical\" href=\"https:\/\/shoms.ch\/de\/2026\/01\/28\/gv-2026\/\" \/>\n<meta property=\"og:locale\" content=\"de_DE\" \/>\n<meta property=\"og:type\" content=\"article\" \/>\n<meta property=\"og:title\" content=\"Generalversammlung 2026 - Shoms.ch\" \/>\n<meta property=\"og:description\" content=\"Die Sektion Tessin freut sich, Sie anl\u00e4sslich der diesj\u00e4hrigen Generalversammlung des MDHS, am 14. M\u00e4rz 2026, im Hotel de la Paix, via Giuseppe Cattori 18 in Lugano, willkommen zu heissen.\" \/>\n<meta property=\"og:url\" content=\"https:\/\/shoms.ch\/de\/2026\/01\/28\/gv-2026\/\" \/>\n<meta property=\"og:site_name\" content=\"Shoms.ch\" \/>\n<meta property=\"article:published_time\" content=\"2026-01-28T10:56:17+00:00\" \/>\n<meta property=\"article:modified_time\" content=\"2026-03-08T21:02:44+00:00\" \/>\n<meta property=\"og:image\" content=\"https:\/\/shoms.ch\/wp-content\/uploads\/sites\/11\/2026\/01\/Lugano-City-Lake-Lugano-Ticino-Switzerland.jpg\" \/>\n\t<meta property=\"og:image:width\" content=\"1840\" \/>\n\t<meta property=\"og:image:height\" content=\"1227\" \/>\n\t<meta property=\"og:image:type\" content=\"image\/jpeg\" \/>\n<meta name=\"author\" content=\"loisauberson\" \/>\n<meta name=\"twitter:card\" content=\"summary_large_image\" \/>\n<meta name=\"twitter:label1\" content=\"Verfasst von\" \/>\n\t<meta name=\"twitter:data1\" content=\"loisauberson\" \/>\n\t<meta name=\"twitter:label2\" content=\"Gesch\u00e4tzte Lesezeit\" \/>\n\t<meta name=\"twitter:data2\" content=\"2\u00a0Minuten\" \/>\n<script type=\"application\/ld+json\" class=\"yoast-schema-graph\">{\"@context\":\"https:\\\/\\\/schema.org\",\"@graph\":[{\"@type\":\"Article\",\"@id\":\"https:\\\/\\\/shoms.ch\\\/de\\\/2026\\\/01\\\/28\\\/gv-2026\\\/#article\",\"isPartOf\":{\"@id\":\"https:\\\/\\\/shoms.ch\\\/de\\\/2026\\\/01\\\/28\\\/gv-2026\\\/\"},\"author\":{\"name\":\"loisauberson\",\"@id\":\"https:\\\/\\\/shoms.ch\\\/it\\\/#\\\/schema\\\/person\\\/78261d5ca5523b652d4a5cbcca99bde6\"},\"headline\":\"Generalversammlung 2026\",\"datePublished\":\"2026-01-28T10:56:17+00:00\",\"dateModified\":\"2026-03-08T21:02:44+00:00\",\"mainEntityOfPage\":{\"@id\":\"https:\\\/\\\/shoms.ch\\\/de\\\/2026\\\/01\\\/28\\\/gv-2026\\\/\"},\"wordCount\":168,\"image\":{\"@id\":\"https:\\\/\\\/shoms.ch\\\/de\\\/2026\\\/01\\\/28\\\/gv-2026\\\/#primaryimage\"},\"thumbnailUrl\":\"https:\\\/\\\/shoms.ch\\\/wp-content\\\/uploads\\\/sites\\\/11\\\/2026\\\/01\\\/Lugano-City-Lake-Lugano-Ticino-Switzerland.jpg\",\"articleSection\":[\"Aktuelles\",\"Neuigkeiten\"],\"inLanguage\":\"de\"},{\"@type\":\"WebPage\",\"@id\":\"https:\\\/\\\/shoms.ch\\\/de\\\/2026\\\/01\\\/28\\\/gv-2026\\\/\",\"url\":\"https:\\\/\\\/shoms.ch\\\/de\\\/2026\\\/01\\\/28\\\/gv-2026\\\/\",\"name\":\"Generalversammlung 2026 - Shoms.ch\",\"isPartOf\":{\"@id\":\"https:\\\/\\\/shoms.ch\\\/it\\\/#website\"},\"primaryImageOfPage\":{\"@id\":\"https:\\\/\\\/shoms.ch\\\/de\\\/2026\\\/01\\\/28\\\/gv-2026\\\/#primaryimage\"},\"image\":{\"@id\":\"https:\\\/\\\/shoms.ch\\\/de\\\/2026\\\/01\\\/28\\\/gv-2026\\\/#primaryimage\"},\"thumbnailUrl\":\"https:\\\/\\\/shoms.ch\\\/wp-content\\\/uploads\\\/sites\\\/11\\\/2026\\\/01\\\/Lugano-City-Lake-Lugano-Ticino-Switzerland.jpg\",\"datePublished\":\"2026-01-28T10:56:17+00:00\",\"dateModified\":\"2026-03-08T21:02:44+00:00\",\"author\":{\"@id\":\"https:\\\/\\\/shoms.ch\\\/it\\\/#\\\/schema\\\/person\\\/78261d5ca5523b652d4a5cbcca99bde6\"},\"breadcrumb\":{\"@id\":\"https:\\\/\\\/shoms.ch\\\/de\\\/2026\\\/01\\\/28\\\/gv-2026\\\/#breadcrumb\"},\"inLanguage\":\"de\",\"potentialAction\":[{\"@type\":\"ReadAction\",\"target\":[\"https:\\\/\\\/shoms.ch\\\/de\\\/2026\\\/01\\\/28\\\/gv-2026\\\/\"]}]},{\"@type\":\"ImageObject\",\"inLanguage\":\"de\",\"@id\":\"https:\\\/\\\/shoms.ch\\\/de\\\/2026\\\/01\\\/28\\\/gv-2026\\\/#primaryimage\",\"url\":\"https:\\\/\\\/shoms.ch\\\/wp-content\\\/uploads\\\/sites\\\/11\\\/2026\\\/01\\\/Lugano-City-Lake-Lugano-Ticino-Switzerland.jpg\",\"contentUrl\":\"https:\\\/\\\/shoms.ch\\\/wp-content\\\/uploads\\\/sites\\\/11\\\/2026\\\/01\\\/Lugano-City-Lake-Lugano-Ticino-Switzerland.jpg\",\"width\":1840,\"height\":1227},{\"@type\":\"BreadcrumbList\",\"@id\":\"https:\\\/\\\/shoms.ch\\\/de\\\/2026\\\/01\\\/28\\\/gv-2026\\\/#breadcrumb\",\"itemListElement\":[{\"@type\":\"ListItem\",\"position\":1,\"name\":\"Startseite\",\"item\":\"https:\\\/\\\/shoms.ch\\\/de\\\/\"},{\"@type\":\"ListItem\",\"position\":2,\"name\":\"Generalversammlung 2026\"}]},{\"@type\":\"WebSite\",\"@id\":\"https:\\\/\\\/shoms.ch\\\/it\\\/#website\",\"url\":\"https:\\\/\\\/shoms.ch\\\/it\\\/\",\"name\":\"Shoms.ch\",\"description\":\"MALTESER HOSPITALDIENST SCHWEIZ (MHDS)\",\"potentialAction\":[{\"@type\":\"SearchAction\",\"target\":{\"@type\":\"EntryPoint\",\"urlTemplate\":\"https:\\\/\\\/shoms.ch\\\/it\\\/?s={search_term_string}\"},\"query-input\":{\"@type\":\"PropertyValueSpecification\",\"valueRequired\":true,\"valueName\":\"search_term_string\"}}],\"inLanguage\":\"de\"},{\"@type\":\"Person\",\"@id\":\"https:\\\/\\\/shoms.ch\\\/it\\\/#\\\/schema\\\/person\\\/78261d5ca5523b652d4a5cbcca99bde6\",\"name\":\"loisauberson\",\"url\":\"https:\\\/\\\/shoms.ch\\\/de\\\/author\\\/loisauberson\\\/\"}]}<\/script>\n<!-- \/ Yoast SEO plugin. -->","yoast_head_json":{"title":"Generalversammlung 2026 - Shoms.ch","robots":{"index":"index","follow":"follow","max-snippet":"max-snippet:-1","max-image-preview":"max-image-preview:large","max-video-preview":"max-video-preview:-1"},"canonical":"https:\/\/shoms.ch\/de\/2026\/01\/28\/gv-2026\/","og_locale":"de_DE","og_type":"article","og_title":"Generalversammlung 2026 - Shoms.ch","og_description":"Die Sektion Tessin freut sich, Sie anl\u00e4sslich der diesj\u00e4hrigen Generalversammlung des MDHS, am 14. M\u00e4rz 2026, im Hotel de la Paix, via Giuseppe Cattori 18 in Lugano, willkommen zu heissen.","og_url":"https:\/\/shoms.ch\/de\/2026\/01\/28\/gv-2026\/","og_site_name":"Shoms.ch","article_published_time":"2026-01-28T10:56:17+00:00","article_modified_time":"2026-03-08T21:02:44+00:00","og_image":[{"width":1840,"height":1227,"url":"https:\/\/shoms.ch\/wp-content\/uploads\/sites\/11\/2026\/01\/Lugano-City-Lake-Lugano-Ticino-Switzerland.jpg","type":"image\/jpeg"}],"author":"loisauberson","twitter_card":"summary_large_image","twitter_misc":{"Verfasst von":"loisauberson","Gesch\u00e4tzte Lesezeit":"2\u00a0Minuten"},"schema":{"@context":"https:\/\/schema.org","@graph":[{"@type":"Article","@id":"https:\/\/shoms.ch\/de\/2026\/01\/28\/gv-2026\/#article","isPartOf":{"@id":"https:\/\/shoms.ch\/de\/2026\/01\/28\/gv-2026\/"},"author":{"name":"loisauberson","@id":"https:\/\/shoms.ch\/it\/#\/schema\/person\/78261d5ca5523b652d4a5cbcca99bde6"},"headline":"Generalversammlung 2026","datePublished":"2026-01-28T10:56:17+00:00","dateModified":"2026-03-08T21:02:44+00:00","mainEntityOfPage":{"@id":"https:\/\/shoms.ch\/de\/2026\/01\/28\/gv-2026\/"},"wordCount":168,"image":{"@id":"https:\/\/shoms.ch\/de\/2026\/01\/28\/gv-2026\/#primaryimage"},"thumbnailUrl":"https:\/\/shoms.ch\/wp-content\/uploads\/sites\/11\/2026\/01\/Lugano-City-Lake-Lugano-Ticino-Switzerland.jpg","articleSection":["Aktuelles","Neuigkeiten"],"inLanguage":"de"},{"@type":"WebPage","@id":"https:\/\/shoms.ch\/de\/2026\/01\/28\/gv-2026\/","url":"https:\/\/shoms.ch\/de\/2026\/01\/28\/gv-2026\/","name":"Generalversammlung 2026 - Shoms.ch","isPartOf":{"@id":"https:\/\/shoms.ch\/it\/#website"},"primaryImageOfPage":{"@id":"https:\/\/shoms.ch\/de\/2026\/01\/28\/gv-2026\/#primaryimage"},"image":{"@id":"https:\/\/shoms.ch\/de\/2026\/01\/28\/gv-2026\/#primaryimage"},"thumbnailUrl":"https:\/\/shoms.ch\/wp-content\/uploads\/sites\/11\/2026\/01\/Lugano-City-Lake-Lugano-Ticino-Switzerland.jpg","datePublished":"2026-01-28T10:56:17+00:00","dateModified":"2026-03-08T21:02:44+00:00","author":{"@id":"https:\/\/shoms.ch\/it\/#\/schema\/person\/78261d5ca5523b652d4a5cbcca99bde6"},"breadcrumb":{"@id":"https:\/\/shoms.ch\/de\/2026\/01\/28\/gv-2026\/#breadcrumb"},"inLanguage":"de","potentialAction":[{"@type":"ReadAction","target":["https:\/\/shoms.ch\/de\/2026\/01\/28\/gv-2026\/"]}]},{"@type":"ImageObject","inLanguage":"de","@id":"https:\/\/shoms.ch\/de\/2026\/01\/28\/gv-2026\/#primaryimage","url":"https:\/\/shoms.ch\/wp-content\/uploads\/sites\/11\/2026\/01\/Lugano-City-Lake-Lugano-Ticino-Switzerland.jpg","contentUrl":"https:\/\/shoms.ch\/wp-content\/uploads\/sites\/11\/2026\/01\/Lugano-City-Lake-Lugano-Ticino-Switzerland.jpg","width":1840,"height":1227},{"@type":"BreadcrumbList","@id":"https:\/\/shoms.ch\/de\/2026\/01\/28\/gv-2026\/#breadcrumb","itemListElement":[{"@type":"ListItem","position":1,"name":"Startseite","item":"https:\/\/shoms.ch\/de\/"},{"@type":"ListItem","position":2,"name":"Generalversammlung 2026"}]},{"@type":"WebSite","@id":"https:\/\/shoms.ch\/it\/#website","url":"https:\/\/shoms.ch\/it\/","name":"Shoms.ch","description":"MALTESER HOSPITALDIENST SCHWEIZ (MHDS)","potentialAction":[{"@type":"SearchAction","target":{"@type":"EntryPoint","urlTemplate":"https:\/\/shoms.ch\/it\/?s={search_term_string}"},"query-input":{"@type":"PropertyValueSpecification","valueRequired":true,"valueName":"search_term_string"}}],"inLanguage":"de"},{"@type":"Person","@id":"https:\/\/shoms.ch\/it\/#\/schema\/person\/78261d5ca5523b652d4a5cbcca99bde6","name":"loisauberson","url":"https:\/\/shoms.ch\/de\/author\/loisauberson\/"}]}},"builder_content":"<p><strong><em>Willkomen in LUGANO !<\/em><\/strong><\/p> <p>Die Sektion Tessin freut sich, Sie anl\u00e4sslich der diesj\u00e4hrigen Generalversammlung des MDHS, <strong>am 14. M\u00e4rz 2026<\/strong>, im Hotel de la Paix, via Giuseppe Cattori 18 in Lugano, willkommen zu heissen.<br><br>Sie l\u00e4dt zu folgendem Programm ein:<\/p> <table width=\"605\"> <tbody> <tr> <td width=\"95\"> <p><strong>09.30 Uhr <\/strong><\/p> <\/td> <td width=\"510\"> <p><strong><br><br>Besichtigung der Stadt Lugano <\/strong><br>Treffpunkt: vor der Kirche Santa Maria degli Angioli, Piazza Bernardino Luini 6 (mit Anmeldung)<\/p> <\/td> <\/tr> <tr> <td width=\"95\"> <p><strong>11.30 Uhr <br><br><\/strong><\/p> <\/td> <td width=\"510\"> <p><strong>Aperitif im Hotel de la Paix<\/strong>, <br>von der Sektion Tessin offeriert<\/p> <\/td> <\/tr> <tr> <td width=\"95\"> <p><strong>12.00 Uhr<\/strong><\/p> <\/td> <td width=\"510\"> <p><strong><br><\/strong><strong>Mittagessen <\/strong>im, Hotel de la Paix.<\/p> <p>Pauschale von CHF 75.- (3 Gang Menu, Getr\u00e4nke inklusiv)<u><br><\/u><\/p> <\/td> <\/tr> <tr> <td width=\"95\"> <p><strong>14.00 Uhr<\/strong><\/p> <\/td> <td width=\"510\"> <p><strong>Generalversammlung des MHDS <\/strong><\/p> <\/td> <\/tr> <tr> <td width=\"95\"> <p><strong>16.00 Uhr <\/strong><\/p> <\/td> <td width=\"510\"> <p><strong>Kaffee und Kuchen <\/strong><\/p> <\/td> <\/tr> <\/tbody> <\/table> <p>Die Boutique SHOMS wird im Hotels de la Paix vor und nach dem Mittag- essen erwarten.<\/p> <p>Wir freuen uns schon heute darauf, Sie in Lugano begr\u00fcssen zu d\u00fcrfen und danken f\u00fcr Ihre online-Anmeldung\u00a0 bis <strong>zum 1. M\u00e4rz 2026<\/strong>. Bei Fragen zu diesem Anlass, wenden Sie sich an <a href=\"mailto:secretariat@shoms.ch\">secretariat@shoms.ch<\/a> <br><br><\/p> <p>Barbara Wicki -\u00a0Sektionsleitung Tessin<\/p>\n<h1><br\/>Dokumente<\/h1>\n<p>Klicken Sie auf die untenstehenden Links, um die Dokumente einzusehen :<\/p> <p><a href=\"https:\/\/www.dropbox.com\/scl\/fi\/b5gw4lac5k0cbmkeaumi7\/Einladung_-GV_-Lugano.pdf?rlkey=iu8lyklzrwrc60ddz25ofqzj7&amp;st=wz4s1abg&amp;dl=0\">Einladung und Traktanden GV<\/a><\/p> <p><a href=\"https:\/\/www.dropbox.com\/scl\/fi\/clki1vxbubj9392xxpzcz\/Vollmacht-GV_-2026.pdf?rlkey=1v9fa1ft90txgd2v5y29yl27b&amp;st=21a9k5cm&amp;dl=0\">Vollmacht<\/a><\/p>","_links":{"self":[{"href":"https:\/\/shoms.ch\/de\/wp-json\/wp\/v2\/posts\/4862","targetHints":{"allow":["GET"]}}],"collection":[{"href":"https:\/\/shoms.ch\/de\/wp-json\/wp\/v2\/posts"}],"about":[{"href":"https:\/\/shoms.ch\/de\/wp-json\/wp\/v2\/types\/post"}],"author":[{"embeddable":true,"href":"https:\/\/shoms.ch\/de\/wp-json\/wp\/v2\/users\/29"}],"replies":[{"embeddable":true,"href":"https:\/\/shoms.ch\/de\/wp-json\/wp\/v2\/comments?post=4862"}],"version-history":[{"count":18,"href":"https:\/\/shoms.ch\/de\/wp-json\/wp\/v2\/posts\/4862\/revisions"}],"predecessor-version":[{"id":5189,"href":"https:\/\/shoms.ch\/de\/wp-json\/wp\/v2\/posts\/4862\/revisions\/5189"}],"wp:featuredmedia":[{"embeddable":true,"href":"https:\/\/shoms.ch\/de\/wp-json\/wp\/v2\/media\/4856"}],"wp:attachment":[{"href":"https:\/\/shoms.ch\/de\/wp-json\/wp\/v2\/media?parent=4862"}],"wp:term":[{"taxonomy":"category","embeddable":true,"href":"https:\/\/shoms.ch\/de\/wp-json\/wp\/v2\/categories?post=4862"},{"taxonomy":"post_tag","embeddable":true,"href":"https:\/\/shoms.ch\/de\/wp-json\/wp\/v2\/tags?post=4862"}],"curies":[{"name":"wp","href":"https:\/\/api.w.org\/{rel}","templated":true}]}}